{"id":1770,"date":"2022-10-15T11:02:37","date_gmt":"2022-10-15T10:02:37","guid":{"rendered":"https:\/\/yannbeauvais.com\/?p=1770"},"modified":"2022-10-15T11:05:39","modified_gmt":"2022-10-15T10:05:39","slug":"un-tournant-ecologique-dans-le-cinema-experimental-francais","status":"publish","type":"post","link":"https:\/\/yannbeauvais.com\/?p=1770","title":{"rendered":"Un tournant \u00e9cologique dans le cin\u00e9ma exp\u00e9rimental fran\u00e7ais?"},"content":{"rendered":"<p>entretien r\u00e9alis\u00e9 entre Elio Della Doce et yann beauvais\u00a0 le 24 f\u00e9vrier 2022<\/p>\n<p><a title=\"entretien Elio Della Doce - yann beauvais\" href=\"http:\/\/derives.tv\/un-tournant-ecologique-dans-le-cinema-experimental-francais\/\" target=\"_blank\">http:\/\/derives.tv\/un-tournant-ecologique-dans-le-cinema-experimental-francais\/<\/a><\/p>\n<p>&nbsp;<\/p>\n<p>Cet entretien fait partie d\u2019une recherche pr\u00e9paratoire \u00e0 un ouvrage collectif sur les formes d\u2019engagement et de pratiques \u00e9cologiques dans le cin\u00e9ma exp\u00e9rimental contemporain, ouvrage que j\u2019ai co-dirig\u00e9 et qui est maintenant publi\u00e9\u00a0: voir Elio Della Noce &amp; Lucas Murari (dir.) <a href=\"https:\/\/lightcone.org\/fr\/publication-79-expanded-nature\" target=\"_blank\" rel=\"noopener\"><em>Expanded Nature \u2013 \u00c9cologies du cin\u00e9ma exp\u00e9rimental<\/em><\/a>, Paris, Light Cone \u00c9ditions, mai 2022.<\/p>\n<p>yann beauvais<a href=\"http:\/\/derives.tv\/un-tournant-ecologique-dans-le-cinema-experimental-francais\/#_ftn1\" name=\"_ftnref1\"><\/a> figure comme un acteur infatigable du cin\u00e9ma exp\u00e9rimental\u00a0en France. \u00c0 la fin des ann\u00e9es 1970, il est adh\u00e9rent actif de la Paris Film Coop avant d\u2019\u00eatre le cofondateur de Light Cone en 1982 aux c\u00f4t\u00e9s de Miles McKane. En 1996, il soutient la cr\u00e9ation du premier laboratoire autog\u00e9r\u00e9 parisien \u00ab\u00a0L\u2019Abominable\u00a0\u00bb<a href=\"http:\/\/derives.tv\/un-tournant-ecologique-dans-le-cinema-experimental-francais\/#_ftn2\" name=\"_ftnref2\"><\/a>. \u00c0 son engagement dans le tissu associatif s\u2019ajoute un foisonnement \u00e9ditorial, puisqu\u2019apr\u00e8s avoir lanc\u00e9 la revue <em>Scratch<\/em> dans les ann\u00e9es 1980 \u2013 revue qui invite \u00e0 des \u00e9changes th\u00e9oriques avec la critique anglo-saxonne \u2013 il dirige des monographies de cin\u00e9astes (Paul Sharits, Malcolm Le Grice, C\u00e9cile Fontaine) et des anthologies qui traversent l\u2019histoire contemporaine du cin\u00e9ma d\u2019avant-garde<a href=\"http:\/\/derives.tv\/un-tournant-ecologique-dans-le-cinema-experimental-francais\/#_ftn3\" name=\"_ftnref3\"><\/a>. En tant qu\u2019enseignant, programmateur et commissaire d\u2019exposition, il s\u2019emploie depuis une cinquantaine d\u2019ann\u00e9es \u00e0 diss\u00e9miner sur la sc\u00e8ne internationale la vitalit\u00e9 du cin\u00e9ma exp\u00e9rimental fran\u00e7ais.<\/p>\n<p>Une part cons\u00e9quente de son \u0153uvre de cin\u00e9aste met en mouvement des repr\u00e9sentations de la nature. Par un artisanat sur pellicule d\u2019abord, puis port\u00e9 vers un cin\u00e9ma \u00e9largi, yann beauvais d\u00e9compose, fragmente, fait d\u00e9vier le motif du paysage sur multiples supports et \u00e9crans. Apr\u00e8s le structurel <em>R<\/em> (1975) une rencontre fortuite l\u2019aurait \u00e9veill\u00e9 \u00e0 une conscience \u00e9cologique\u00a0: filmer la souche d\u2019un arbre en putr\u00e9faction en 1976. Viennent le journal <em>proto<\/em>-\u00e9cocritique <em>Spetsai<\/em> (1989) mont\u00e9 autour de fragments textuels de <em>La Soci\u00e9t\u00e9 du spectacle <\/em>de Guy Debord, le quadri-paysage <em>Quatr\u2019un <\/em>(1994) et ses \u00e9tudes c\u00e9zanniennes pour le film <em>d\u2019ailleurs <\/em>(2006) tourn\u00e9 \u00e0 la montagne Sainte-Victoire. Install\u00e9 \u00e0 Recife au Br\u00e9sil depuis 2011, sa sensibilit\u00e9 \u00e9cologique y trouve un nouveau lieu d\u2019expansion\u00a0: yann beauvais fr\u00e9quente les minorit\u00e9s autochtones et leur pens\u00e9e\u00a0<em>multinaturaliste<\/em> (ouverte \u00e0 la pluralit\u00e9 des sujets cosmologiques)\u00a0; ses films r\u00e9cents, comme <em>Derrubada n\u00e3o\u00a0! <\/em>(2019), font r\u00e9sistance contre les formes visibles ou souterraines de l\u2019extractivisme colonial.<\/p>\n","protected":false},"excerpt":{"rendered":"<p>entretien r\u00e9alis\u00e9 entre Elio Della Doce et yann beauvais\u00a0 le 24 f\u00e9vrier 2022 http:\/\/derives.tv\/un-tournant-ecologique-dans-le-cinema-experimental-francais\/ &nbsp; Cet entretien fait partie d\u2019une recherche pr\u00e9paratoire \u00e0 un ouvrage collectif sur les formes d\u2019engagement et de pratiques \u00e9cologiques dans le cin\u00e9ma exp\u00e9rimental contemporain, ouvrage que j\u2019ai co-dirig\u00e9 et qui est maintenant publi\u00e9\u00a0: voir Elio Della Noce &amp; Lucas Murari [&hellip;]<\/p>\n","protected":false},"author":1,"featured_media":0,"comment_status":"closed","ping_status":"open","sticky":false,"template":"","format":"standard","meta":{"_acf_changed":false,"footnotes":""},"categories":[6,7],"tags":[],"class_list":["post-1770","post","type-post","status-publish","format-standard","hentry","category-ecrits","category-interviews"],"acf":[],"_links":{"self":[{"href":"https:\/\/yannbeauvais.com\/index.php?rest_route=\/wp\/v2\/posts\/1770","targetHints":{"allow":["GET"]}}],"collection":[{"href":"https:\/\/yannbeauvais.com\/index.php?rest_route=\/wp\/v2\/posts"}],"about":[{"href":"https:\/\/yannbeauvais.com\/index.php?rest_route=\/wp\/v2\/types\/post"}],"author":[{"embeddable":true,"href":"https:\/\/yannbeauvais.com\/index.php?rest_route=\/wp\/v2\/users\/1"}],"replies":[{"embeddable":true,"href":"https:\/\/yannbeauvais.com\/index.php?rest_route=%2Fwp%2Fv2%2Fcomments&post=1770"}],"version-history":[{"count":4,"href":"https:\/\/yannbeauvais.com\/index.php?rest_route=\/wp\/v2\/posts\/1770\/revisions"}],"predecessor-version":[{"id":1774,"href":"https:\/\/yannbeauvais.com\/index.php?rest_route=\/wp\/v2\/posts\/1770\/revisions\/1774"}],"wp:attachment":[{"href":"https:\/\/yannbeauvais.com\/index.php?rest_route=%2Fwp%2Fv2%2Fmedia&parent=1770"}],"wp:term":[{"taxonomy":"category","embeddable":true,"href":"https:\/\/yannbeauvais.com\/index.php?rest_route=%2Fwp%2Fv2%2Fcategories&post=1770"},{"taxonomy":"post_tag","embeddable":true,"href":"https:\/\/yannbeauvais.com\/index.php?rest_route=%2Fwp%2Fv2%2Ftags&post=1770"}],"curies":[{"name":"wp","href":"https:\/\/api.w.org\/{rel}","templated":true}]}}